{"id":1776,"date":"2026-01-19T23:00:04","date_gmt":"2026-01-19T20:00:04","guid":{"rendered":"https:\/\/elmadil.com\/blog\/?p=1776"},"modified":"2026-01-20T12:41:57","modified_gmt":"2026-01-20T09:41:57","slug":"dunyada-neden-bu-kadar-cok-dil-var","status":"publish","type":"post","link":"https:\/\/elmadil.com\/blog\/dunyada-neden-bu-kadar-cok-dil-var\/","title":{"rendered":"D\u00fcnyada Neden Bu Kadar \u00c7ok Dil Var?"},"content":{"rendered":"<div id=\"model-response-message-contentr_45ca97b9b8735e6d\" class=\"markdown markdown-main-panel stronger enable-updated-hr-color\" dir=\"ltr\" aria-live=\"polite\" aria-busy=\"false\">\n<p data-path-to-node=\"0\">D\u00fcnyadaki dil \u00e7e\u015fitlili\u011fi, insanl\u0131k tarihinin en b\u00fcy\u00fcleyici bilmecelerinden biridir. Bug\u00fcn yery\u00fcz\u00fcnde konu\u015fulan yakla\u015f\u0131k yedi bin farkl\u0131 dilin varl\u0131\u011f\u0131, tek bir sebebe de\u011fil, binlerce y\u0131la yay\u0131lan co\u011frafi, biyolojik ve sosyolojik etkenlerin karma\u015f\u0131k bir bile\u015fimine dayan\u0131r. Bu yap\u0131y\u0131 anlamak i\u00e7in dillerin nas\u0131l do\u011fdu\u011funu ve neden s\u00fcrekli de\u011fi\u015ferek birbirinden koptu\u011funu birka\u00e7 temel perspektiften incelemek gerekir.<\/p>\n<p data-path-to-node=\"0\"><div id=\"ez-toc-container\" class=\"ez-toc-v2_0_82_2 counter-hierarchy ez-toc-counter ez-toc-grey ez-toc-container-direction\">\n<div class=\"ez-toc-title-container\">\n<p class=\"ez-toc-title\" style=\"cursor:inherit\">\u0130\u00e7indekiler<\/p>\n<span class=\"ez-toc-title-toggle\"><a href=\"#\" class=\"ez-toc-pull-right ez-toc-btn ez-toc-btn-xs ez-toc-btn-default ez-toc-toggle\" aria-label=\"\u0130\u00e7indekiler Tablosunu A\u00e7\/Kapat\"><span class=\"ez-toc-js-icon-con\"><span class=\"\"><span class=\"eztoc-hide\" style=\"display:none;\">Toggle<\/span><span class=\"ez-toc-icon-toggle-span\"><svg style=\"fill: #999;color:#999\" xmlns=\"http:\/\/www.w3.org\/2000\/svg\" class=\"list-377408\" width=\"20px\" height=\"20px\" viewBox=\"0 0 24 24\" fill=\"none\"><path d=\"M6 6H4v2h2V6zm14 0H8v2h12V6zM4 11h2v2H4v-2zm16 0H8v2h12v-2zM4 16h2v2H4v-2zm16 0H8v2h12v-2z\" fill=\"currentColor\"><\/path><\/svg><svg style=\"fill: #999;color:#999\" class=\"arrow-unsorted-368013\" xmlns=\"http:\/\/www.w3.org\/2000\/svg\" width=\"10px\" height=\"10px\" viewBox=\"0 0 24 24\" version=\"1.2\" baseProfile=\"tiny\"><path d=\"M18.2 9.3l-6.2-6.3-6.2 6.3c-.2.2-.3.4-.3.7s.1.5.3.7c.2.2.4.3.7.3h11c.3 0 .5-.1.7-.3.2-.2.3-.5.3-.7s-.1-.5-.3-.7zM5.8 14.7l6.2 6.3 6.2-6.3c.2-.2.3-.5.3-.7s-.1-.5-.3-.7c-.2-.2-.4-.3-.7-.3h-11c-.3 0-.5.1-.7.3-.2.2-.3.5-.3.7s.1.5.3.7z\"\/><\/svg><\/span><\/span><\/span><\/a><\/span><\/div>\n<nav><ul class='ez-toc-list ez-toc-list-level-1 ' ><li class='ez-toc-page-1 ez-toc-heading-level-2'><a class=\"ez-toc-link ez-toc-heading-1\" href=\"https:\/\/elmadil.com\/blog\/dunyada-neden-bu-kadar-cok-dil-var\/#Cografi_Izolasyon_ve_Fiziksel_Engeller\" >Co\u011frafi \u0130zolasyon ve Fiziksel Engeller<\/a><\/li><li class='ez-toc-page-1 ez-toc-heading-level-2'><a class=\"ez-toc-link ez-toc-heading-2\" href=\"https:\/\/elmadil.com\/blog\/dunyada-neden-bu-kadar-cok-dil-var\/#Zaman_ve_Dilsel_Kayma\" >Zaman ve Dilsel Kayma<\/a><\/li><li class='ez-toc-page-1 ez-toc-heading-level-2'><a class=\"ez-toc-link ez-toc-heading-3\" href=\"https:\/\/elmadil.com\/blog\/dunyada-neden-bu-kadar-cok-dil-var\/#Goc_ve_Yeni_Cevre_Kosullari\" >G\u00f6\u00e7 ve Yeni \u00c7evre Ko\u015fullar\u0131<\/a><\/li><li class='ez-toc-page-1 ez-toc-heading-level-2'><a class=\"ez-toc-link ez-toc-heading-4\" href=\"https:\/\/elmadil.com\/blog\/dunyada-neden-bu-kadar-cok-dil-var\/#Sosyal_Kimlik_ve_Ayirt_Etme_Gudusu\" >Sosyal Kimlik ve Ay\u0131rt Etme G\u00fcd\u00fcs\u00fc<\/a><\/li><li class='ez-toc-page-1 ez-toc-heading-level-2'><a class=\"ez-toc-link ez-toc-heading-5\" href=\"https:\/\/elmadil.com\/blog\/dunyada-neden-bu-kadar-cok-dil-var\/#Kulturel_Perspektif_ve_Algi_Farkliliklari\" >K\u00fclt\u00fcrel Perspektif ve Alg\u0131 Farkl\u0131l\u0131klar\u0131<\/a><\/li><li class='ez-toc-page-1 ez-toc-heading-level-2'><a class=\"ez-toc-link ez-toc-heading-6\" href=\"https:\/\/elmadil.com\/blog\/dunyada-neden-bu-kadar-cok-dil-var\/#Elmadil_%E2%80%9CEdindikce_Kizarir%E2%80%9D\" >Elmadil \u201cEdindik\u00e7e K\u0131zar\u0131r\u201d<\/a><\/li><\/ul><\/nav><\/div>\n<\/p>\n<h2 data-path-to-node=\"1\"><span class=\"ez-toc-section\" id=\"Cografi_Izolasyon_ve_Fiziksel_Engeller\"><\/span>Co\u011frafi \u0130zolasyon ve Fiziksel Engeller<span class=\"ez-toc-section-end\"><\/span><\/h2>\n<p data-path-to-node=\"2\">Dillerin \u00e7e\u015fitlenmesindeki en temel ve en g\u00fc\u00e7l\u00fc fakt\u00f6r izolasyondur. \u0130nsanl\u0131k tarihinin b\u00fcy\u00fck bir b\u00f6l\u00fcm\u00fcnde topluluklar, bug\u00fcnk\u00fc gibi k\u00fcresel bir ileti\u015fim a\u011f\u0131na sahip de\u011fildi. Antik d\u00f6nemlerde bir grup insan ana topluluktan ayr\u0131l\u0131p yeni bir b\u00f6lgeye g\u00f6\u00e7 etti\u011finde, aralar\u0131na da\u011flar, okyanuslar, ge\u00e7it vermez \u00e7\u00f6ller veya balta girmemi\u015f ormanlar giriyordu. \u0130leti\u015fimin tamamen koptu\u011fu bu ortamlarda, ortak bir k\u00f6kenden gelen insanlar zamanla kendi kelimelerini ve dil kurallar\u0131n\u0131 \u00fcretmeye ba\u015flad\u0131lar.<\/p>\n<p data-path-to-node=\"3\">Bir grup nehir k\u0131y\u0131s\u0131nda ya\u015fay\u0131p bal\u0131k\u00e7\u0131l\u0131kla ilgili detayl\u0131 terimler geli\u015ftirirken, da\u011f yamac\u0131na yerle\u015fen di\u011fer grup avc\u0131l\u0131k, kar t\u00fcrleri ve y\u00fckselti \u00fczerine bir terminoloji kurdu. Aradan ge\u00e7en binlerce y\u0131l\u0131n sonunda, bu iki grubun dilleri birbirini anlamayacak kadar farkl\u0131la\u015ft\u0131. Bug\u00fcn Papua Yeni Gine gibi sarp da\u011fl\u0131k arazilerin ve derin vadilerin bulundu\u011fu b\u00f6lgelerde hala sekiz y\u00fczden fazla dilin konu\u015fuluyor olmas\u0131, co\u011frafi engellerin dil \u00e7e\u015fitlili\u011fine olan etkisinin en somut kan\u0131t\u0131d\u0131r. \u0130nsanlar birbirine fiziksel olarak ne kadar uzak kal\u0131rsa, dilleri de o kadar ba\u011f\u0131ms\u0131z geli\u015fir.<\/p>\n<div id=\"attachment_1673\" style=\"width: 310px\" class=\"wp-caption alignnone\"><img fetchpriority=\"high\" decoding=\"async\" aria-describedby=\"caption-attachment-1673\" class=\"size-medium wp-image-1673\" src=\"https:\/\/elmadil.com\/blog\/wp-content\/uploads\/2025\/09\/masallar-300x168.jpg\" alt=\"D\u00fcnyada Neden Bu Kadar \u00c7ok Dil Var?\" width=\"300\" height=\"168\" srcset=\"https:\/\/elmadil.com\/blog\/wp-content\/uploads\/2025\/09\/masallar-300x168.jpg 300w, https:\/\/elmadil.com\/blog\/wp-content\/uploads\/2025\/09\/masallar.jpg 714w\" sizes=\"(max-width: 300px) 100vw, 300px\" \/><p id=\"caption-attachment-1673\" class=\"wp-caption-text\">D\u00fcnyada Neden Bu Kadar \u00c7ok Dil Var?<\/p><\/div>\n<h2 data-path-to-node=\"4\"><span class=\"ez-toc-section\" id=\"Zaman_ve_Dilsel_Kayma\"><\/span>Zaman ve Dilsel Kayma<span class=\"ez-toc-section-end\"><\/span><\/h2>\n<p data-path-to-node=\"5\">Diller dura\u011fan yap\u0131lar de\u011fil, ya\u015fayan ve s\u00fcrekli nefes alan mekanizmalard\u0131r. Hi\u00e7bir ku\u015fak, dilini bir \u00f6nceki ku\u015faktan ald\u0131\u011f\u0131 haliyle tam olarak ayn\u0131 \u015fekilde kullanmaz. Her yeni nesil, kelimeleri biraz daha farkl\u0131 telaffuz eder, baz\u0131lar\u0131n\u0131 k\u0131salt\u0131r, baz\u0131lar\u0131n\u0131 ise tamamen kullan\u0131mdan kald\u0131r\u0131p yerine yenilerini ekler. Dil biliminde buna dilsel kayma denir.<\/p>\n<p data-path-to-node=\"6\">Bir topluluk b\u00fct\u00fcn halindeyken bu de\u011fi\u015fim yava\u015f ve herkes taraf\u0131ndan ortakla\u015fa ya\u015fan\u0131r. Ancak topluluk par\u00e7aland\u0131\u011f\u0131nda, her par\u00e7a kendi y\u00f6n\u00fcnde, kendi h\u0131z\u0131nda de\u011fi\u015fmeye devam eder. Bu durum biyolojik evrimdeki t\u00fcrle\u015fmeye \u00e7ok benzer. \u00d6rne\u011fin, Latinceden t\u00fcreyen Frans\u0131zca, \u0130spanyolca, \u0130talyanca ve Portekizcenin bug\u00fcn ayr\u0131 diller olmas\u0131, zaman\u0131n ortak bir dili nas\u0131l par\u00e7alay\u0131p yeni formlara d\u00f6n\u00fc\u015ft\u00fcrd\u00fc\u011f\u00fcn\u00fcn en net \u00f6rne\u011fidir. Zaman, diller aras\u0131ndaki mesafeyi a\u00e7an en b\u00fcy\u00fck g\u00fc\u00e7t\u00fcr.<\/p>\n<h2 data-path-to-node=\"7\"><span class=\"ez-toc-section\" id=\"Goc_ve_Yeni_Cevre_Kosullari\"><\/span>G\u00f6\u00e7 ve Yeni \u00c7evre Ko\u015fullar\u0131<span class=\"ez-toc-section-end\"><\/span><\/h2>\n<p data-path-to-node=\"8\">\u0130nsanl\u0131\u011f\u0131n yakla\u015f\u0131k iki y\u00fcz bin y\u0131l \u00f6nce Afrika&#8217;dan \u00e7\u0131k\u0131p t\u00fcm d\u00fcnyaya yay\u0131lmas\u0131, dil a\u011fac\u0131n\u0131n dallan\u0131p budaklanmas\u0131na neden olan ana olayd\u0131r. Her g\u00f6\u00e7 dalgas\u0131 beraberinde bir ana dil g\u00f6t\u00fcrd\u00fc ancak gidilen her yeni b\u00f6lgede bu dil, \u00e7evre ko\u015fullar\u0131na g\u00f6re yeniden \u015fekillendi. Daha \u00f6nce hi\u00e7 g\u00f6r\u00fclmemi\u015f meyveler, farkl\u0131 iklim olaylar\u0131 veya vah\u015fi hayvanlar, insanlar\u0131n dillerini bu yeni ger\u00e7ekli\u011fe uyarlamas\u0131n\u0131 zorunlu k\u0131ld\u0131. \u0130nsan zihni, \u00e7evresindeki karma\u015f\u0131kl\u0131\u011f\u0131 adland\u0131rmak zorundad\u0131r ve bu adland\u0131rma s\u00fcreci binlerce farkl\u0131 co\u011frafyada binlerce farkl\u0131 \u015fekilde ger\u00e7ekle\u015fmi\u015ftir.<\/p>\n<div id=\"attachment_1632\" style=\"width: 310px\" class=\"wp-caption alignnone\"><img decoding=\"async\" aria-describedby=\"caption-attachment-1632\" class=\"size-medium wp-image-1632\" src=\"https:\/\/elmadil.com\/blog\/wp-content\/uploads\/2025\/09\/Thinkingg-300x144.jpg\" alt=\"D\u00fcnyada Neden Bu Kadar \u00c7ok Dil Var?\" width=\"300\" height=\"144\" srcset=\"https:\/\/elmadil.com\/blog\/wp-content\/uploads\/2025\/09\/Thinkingg-300x144.jpg 300w, https:\/\/elmadil.com\/blog\/wp-content\/uploads\/2025\/09\/Thinkingg-768x368.jpg 768w, https:\/\/elmadil.com\/blog\/wp-content\/uploads\/2025\/09\/Thinkingg.jpg 960w\" sizes=\"(max-width: 300px) 100vw, 300px\" \/><p id=\"caption-attachment-1632\" class=\"wp-caption-text\">D\u00fcnyada Neden Bu Kadar \u00c7ok Dil Var?<\/p><\/div>\n<h2 data-path-to-node=\"9\"><span class=\"ez-toc-section\" id=\"Sosyal_Kimlik_ve_Ayirt_Etme_Gudusu\"><\/span>Sosyal Kimlik ve Ay\u0131rt Etme G\u00fcd\u00fcs\u00fc<span class=\"ez-toc-section-end\"><\/span><\/h2>\n<p data-path-to-node=\"10\">\u0130nsanlar dilleri sadece pratik bir ileti\u015fim arac\u0131 olarak de\u011fil, ayn\u0131 zamanda kime ait olduklar\u0131n\u0131 belirleyen bir kimlik kart\u0131 olarak da kullan\u0131rlar. Dil, bir toplulu\u011fun s\u0131n\u0131rlar\u0131n\u0131 \u00e7izer. Tarih boyunca bir\u00e7ok kabile veya millet, kendilerini kom\u015fular\u0131ndan ay\u0131rmak ve topluluk i\u00e7i ba\u011flar\u0131 kuvvetlendirmek i\u00e7in dillerini kas\u0131tl\u0131 olarak farkl\u0131la\u015ft\u0131rm\u0131\u015ft\u0131r.<\/p>\n<p data-path-to-node=\"11\">\u015eiveler, leh\u00e7eler ve hatta meslek gruplar\u0131n\u0131n kendi aralar\u0131ndaki jargonlar\u0131 bu sosyal kimlik aray\u0131\u015f\u0131n\u0131n modern yans\u0131malar\u0131d\u0131r. Biz ve onlar ayr\u0131m\u0131, dillerin birbirine kar\u0131\u015fmas\u0131n\u0131 \u00f6nleyen psikolojik bir bariyer g\u00f6revi g\u00f6rm\u00fc\u015f ve \u00e7e\u015fitlili\u011fin korunmas\u0131n\u0131 sa\u011flam\u0131\u015ft\u0131r. Bazen iki topluluk yan yana ya\u015famas\u0131na ra\u011fmen, s\u0131rf k\u00fclt\u00fcrel kimliklerini korumak ad\u0131na dillerini birbirine yakla\u015ft\u0131rmaktan ka\u00e7\u0131nm\u0131\u015flard\u0131r.<\/p>\n<h2 data-path-to-node=\"12\"><span class=\"ez-toc-section\" id=\"Kulturel_Perspektif_ve_Algi_Farkliliklari\"><\/span>K\u00fclt\u00fcrel Perspektif ve Alg\u0131 Farkl\u0131l\u0131klar\u0131<span class=\"ez-toc-section-end\"><\/span><\/h2>\n<p data-path-to-node=\"13\">Her k\u00fclt\u00fcr\u00fcn d\u00fcnyay\u0131 alg\u0131lay\u0131\u015f bi\u00e7imi dile yans\u0131r. Baz\u0131 dillerde y\u00f6nler sa\u011f ve sol olarak de\u011fil, kuzey ve g\u00fcney olarak ifade edilir. Baz\u0131 k\u00fclt\u00fcrlerde renkleri tan\u0131mlamak i\u00e7in kullan\u0131lan kelime say\u0131s\u0131 s\u0131n\u0131rl\u0131yken, di\u011ferlerinde en ince tonlar i\u00e7in bile ayr\u0131 isimler bulunur. Bu k\u00fclt\u00fcrel \u00e7e\u015fitlilik, dillerin yap\u0131s\u0131n\u0131 ve kelime haznesini derinden etkiler. Dil, sadece bir ara\u00e7 de\u011fil, o k\u00fclt\u00fcre ait bir d\u00fc\u015f\u00fcnme bi\u00e7imidir.<\/p>\n<p data-path-to-node=\"14\">Sonu\u00e7 olarak, d\u00fcnyada neden bu kadar \u00e7ok dil oldu\u011fu sorusunun cevab\u0131, insan\u0131n d\u00fcnyaya yay\u0131lma h\u0131z\u0131, do\u011fan\u0131n aram\u0131za koydu\u011fu engeller ve insan\u0131n her zaman kendine \u00f6zg\u00fc bir kimlik yaratma arzusunda gizlidir. Bug\u00fcn k\u00fcreselle\u015fme ve dijitalle\u015fme nedeniyle bir\u00e7ok dil yok olma tehlikesiyle kar\u015f\u0131 kar\u015f\u0131ya olsa da, insanl\u0131k tarihinin bu muazzam \u00e7e\u015fitlili\u011fi bizim en b\u00fcy\u00fck k\u00fclt\u00fcrel miras\u0131m\u0131zd\u0131r.<\/p>\n<div id=\"attachment_1655\" style=\"width: 310px\" class=\"wp-caption alignnone\"><img decoding=\"async\" aria-describedby=\"caption-attachment-1655\" class=\"size-medium wp-image-1655\" src=\"https:\/\/elmadil.com\/blog\/wp-content\/uploads\/2025\/09\/Books-300x174.jpg\" alt=\"D\u00fcnyada Neden Bu Kadar \u00c7ok Dil Var?\" width=\"300\" height=\"174\" srcset=\"https:\/\/elmadil.com\/blog\/wp-content\/uploads\/2025\/09\/Books-300x174.jpg 300w, https:\/\/elmadil.com\/blog\/wp-content\/uploads\/2025\/09\/Books-1024x594.jpg 1024w, https:\/\/elmadil.com\/blog\/wp-content\/uploads\/2025\/09\/Books-768x446.jpg 768w, https:\/\/elmadil.com\/blog\/wp-content\/uploads\/2025\/09\/Books.jpg 1310w\" sizes=\"(max-width: 300px) 100vw, 300px\" \/><p id=\"caption-attachment-1655\" class=\"wp-caption-text\">D\u00fcnyada Neden Bu Kadar \u00c7ok Dil Var?<\/p><\/div>\n<\/div>\n<h2><span class=\"ez-toc-section\" id=\"Elmadil_%E2%80%9CEdindikce_Kizarir%E2%80%9D\"><\/span><strong>Elmadil \u201cEdindik\u00e7e K\u0131zar\u0131r\u201d<\/strong><span class=\"ez-toc-section-end\"><\/span><\/h2>\n<p>Sevgili anne ve babalar Elmadil\u2019i \u00e7ocu\u011funuz i\u00e7in \u201c<span style=\"color: #ff0000;\"><strong><em>uzun vadeli ve \u00e7\u00f6z\u00fcm odakl\u0131<\/em><\/strong><\/span>\u201d bir \u0130ngilizce e\u011fitimi planl\u0131yorsan\u0131z tercih ediniz.<\/p>\n<p>Elmadil bir \u201c<span style=\"color: #ff0000;\"><strong><em>\u00e7ocuk kul\u00fcb\u00fc<\/em><\/strong><\/span>\u201d ya da \u201c<span style=\"color: #ff0000;\"><strong><em>yaz kursu<\/em><\/strong><\/span>\u201d niteli\u011finde <span style=\"color: #ff0000;\">de\u011fildir<\/span>. Bu t\u00fcr faaliyetler i\u00e7in bu nitelikteki e\u011fitim kurumlar\u0131n\u0131 tercih etmeniz sizin i\u00e7in daha do\u011fru olacakt\u0131r.<\/p>\n<p>Her g\u00fcn saat 11.00 ile 15.00 aras\u0131 0 850 307 ELMA (3562) ileti\u015fim hatt\u0131m\u0131z\u0131 arayarak y\u00f6neticilerimiz ya da n\u00f6bet\u00e7i \u00f6\u011fretmenlerimizle g\u00f6r\u00fc\u015febilir g\u00fcnl\u00fck duyurular\u0131m\u0131z\u0131 resmi X hesab\u0131m\u0131z <strong><span style=\"color: #ff0000;\">ElmadilOnX<\/span><\/strong>&#8216;den takip edebilirsiniz.<\/p>\n<p><strong>Elmadil 6 ya\u015f\u0131nda<\/strong> kurulu\u015f: 17 Temmuz 2020 (Marka tescil ba\u015fvurumuz) \/ <strong>MEB<\/strong> onay tarihimiz: 8 Ocak 2021<\/p>\n<p class=\"topbar-announcement__text\">G\u00fcncel duyurular\u0131m\u0131z\u0131 ve bilgilendirmelerimizi\u00a0<a href=\"https:\/\/www.instagram.com\/ElmadilOnline\" target=\"_blank\" rel=\"noopener\">@ElmadilOnline\u00a0<\/a>Instagram hesab\u0131m\u0131zdan takip takip edebilir, \u00fccretsiz olarak sundu\u011fumuz \u0130ngilizce okuma \u00e7al\u0131\u015fmalar\u0131m\u0131za\u00a0<a href=\"https:\/\/www.youtube.com\/@CoshElmadil\" target=\"_blank\" rel=\"noopener\">https:\/\/www.youtube.com\/@CoshElmadil\u00a0<\/a>hesab\u0131m\u0131zdan ula\u015fabilirsiniz. Elmadil&#8217;i tercih etti\u011finiz i\u00e7in te\u015fekk\u00fcr eder, ba\u015far\u0131lar dileriz.<\/p>\n<p class=\"topbar-announcement__signature\"><strong>Elmadil &#8211; Edindik\u00e7e K\u0131zaz\u0131r<\/strong><\/p>\n","protected":false},"excerpt":{"rendered":"<p>D\u00fcnyadaki dil \u00e7e\u015fitlili\u011fi, insanl\u0131k tarihinin en b\u00fcy\u00fcleyici bilmecelerinden biridir. Bug\u00fcn yery\u00fcz\u00fcnde konu\u015fulan yakla\u015f\u0131k yedi bin farkl\u0131 dilin varl\u0131\u011f\u0131, tek bir sebebe de\u011fil, binlerce y\u0131la yay\u0131lan co\u011frafi, biyolojik ve sosyolojik etkenlerin karma\u015f\u0131k bir bile\u015fimine dayan\u0131r. Bu yap\u0131y\u0131 anlamak i\u00e7in dillerin nas\u0131l do\u011fdu\u011funu ve neden s\u00fcrekli de\u011fi\u015ferek birbirinden koptu\u011funu birka\u00e7 temel perspektiften incelemek gerekir. Co\u011frafi \u0130zolasyon ve [&hellip;]<\/p>\n","protected":false},"author":1,"featured_media":1777,"comment_status":"open","ping_status":"open","sticky":false,"template":"","format":"standard","meta":{"_jetpack_memberships_contains_paid_content":false,"footnotes":""},"categories":[1],"tags":[],"class_list":["post-1776","post","type-post","status-publish","format-standard","has-post-thumbnail","hentry","category-genel"],"yoast_head":"<!-- This site is optimized with the Yoast SEO Premium plugin v24.2 (Yoast SEO v27.4) - https:\/\/yoast.com\/product\/yoast-seo-premium-wordpress\/ -->\n<title>D\u00fcnyada Neden Bu Kadar \u00c7ok Dil Var? - \u00c7ocuklar \u0130\u00e7in Online \u0130ngilizce Kursu<\/title>\n<meta name=\"description\" content=\"D\u00fcnyadaki dil \u00e7e\u015fitlili\u011fi, insanl\u0131k tarihinin en b\u00fcy\u00fcleyici bilmecelerinden biridir. Bu yap\u0131y\u0131 anlamak i\u00e7in detayl\u0131ca inceleyece\u011fiz.\" \/>\n<meta name=\"robots\" content=\"index, follow, max-snippet:-1, max-image-preview:large, max-video-preview:-1\" \/>\n<link rel=\"canonical\" href=\"https:\/\/elmadil.com\/blog\/dunyada-neden-bu-kadar-cok-dil-var\/\" \/>\n<meta property=\"og:locale\" content=\"tr_TR\" \/>\n<meta property=\"og:type\" content=\"article\" \/>\n<meta property=\"og:title\" content=\"D\u00fcnyada Neden Bu Kadar \u00c7ok Dil Var?\" \/>\n<meta property=\"og:description\" content=\"D\u00fcnyadaki dil \u00e7e\u015fitlili\u011fi, insanl\u0131k tarihinin en b\u00fcy\u00fcleyici bilmecelerinden biridir. Bu yap\u0131y\u0131 anlamak i\u00e7in detayl\u0131ca inceleyece\u011fiz.\" \/>\n<meta property=\"og:url\" content=\"https:\/\/elmadil.com\/blog\/dunyada-neden-bu-kadar-cok-dil-var\/\" \/>\n<meta property=\"og:site_name\" content=\"\u00c7ocuklar \u0130\u00e7in Online \u0130ngilizce Kursu\" \/>\n<meta property=\"article:published_time\" content=\"2026-01-19T20:00:04+00:00\" \/>\n<meta property=\"article:modified_time\" content=\"2026-01-20T09:41:57+00:00\" \/>\n<meta property=\"og:image\" content=\"https:\/\/elmadil.com\/blog\/wp-content\/uploads\/2026\/01\/dunyada-neden-bu-kadar-cok-dil-var.jpg\" \/>\n\t<meta property=\"og:image:width\" content=\"1059\" \/>\n\t<meta property=\"og:image:height\" content=\"550\" \/>\n\t<meta property=\"og:image:type\" content=\"image\/jpeg\" \/>\n<meta name=\"author\" content=\"Elmadil Online \u0130ngilizce Kursu\" \/>\n<meta name=\"twitter:card\" content=\"summary_large_image\" \/>\n<meta name=\"twitter:label1\" content=\"Yazan:\" \/>\n\t<meta name=\"twitter:data1\" content=\"Elmadil Online \u0130ngilizce Kursu\" \/>\n\t<meta name=\"twitter:label2\" content=\"Tahmini okuma s\u00fcresi\" \/>\n\t<meta name=\"twitter:data2\" content=\"6 dakika\" \/>\n<script type=\"application\/ld+json\" class=\"yoast-schema-graph\">{\"@context\":\"https:\\\/\\\/schema.org\",\"@graph\":[{\"@type\":\"Article\",\"@id\":\"https:\\\/\\\/elmadil.com\\\/blog\\\/dunyada-neden-bu-kadar-cok-dil-var\\\/#article\",\"isPartOf\":{\"@id\":\"https:\\\/\\\/elmadil.com\\\/blog\\\/dunyada-neden-bu-kadar-cok-dil-var\\\/\"},\"author\":{\"name\":\"Elmadil Online \u0130ngilizce Kursu\",\"@id\":\"https:\\\/\\\/elmadil.com\\\/blog\\\/#\\\/schema\\\/person\\\/b94f0b93347c4e682bbf024845930d3f\"},\"headline\":\"D\u00fcnyada Neden Bu Kadar \u00c7ok Dil Var?\",\"datePublished\":\"2026-01-19T20:00:04+00:00\",\"dateModified\":\"2026-01-20T09:41:57+00:00\",\"mainEntityOfPage\":{\"@id\":\"https:\\\/\\\/elmadil.com\\\/blog\\\/dunyada-neden-bu-kadar-cok-dil-var\\\/\"},\"wordCount\":1153,\"commentCount\":0,\"publisher\":{\"@id\":\"https:\\\/\\\/elmadil.com\\\/blog\\\/#organization\"},\"image\":{\"@id\":\"https:\\\/\\\/elmadil.com\\\/blog\\\/dunyada-neden-bu-kadar-cok-dil-var\\\/#primaryimage\"},\"thumbnailUrl\":\"https:\\\/\\\/elmadil.com\\\/blog\\\/wp-content\\\/uploads\\\/2026\\\/01\\\/dunyada-neden-bu-kadar-cok-dil-var.jpg\",\"inLanguage\":\"tr\",\"potentialAction\":[{\"@type\":\"CommentAction\",\"name\":\"Comment\",\"target\":[\"https:\\\/\\\/elmadil.com\\\/blog\\\/dunyada-neden-bu-kadar-cok-dil-var\\\/#respond\"]}]},{\"@type\":\"WebPage\",\"@id\":\"https:\\\/\\\/elmadil.com\\\/blog\\\/dunyada-neden-bu-kadar-cok-dil-var\\\/\",\"url\":\"https:\\\/\\\/elmadil.com\\\/blog\\\/dunyada-neden-bu-kadar-cok-dil-var\\\/\",\"name\":\"D\u00fcnyada Neden Bu Kadar \u00c7ok Dil Var? - \u00c7ocuklar \u0130\u00e7in Online \u0130ngilizce Kursu\",\"isPartOf\":{\"@id\":\"https:\\\/\\\/elmadil.com\\\/blog\\\/#website\"},\"primaryImageOfPage\":{\"@id\":\"https:\\\/\\\/elmadil.com\\\/blog\\\/dunyada-neden-bu-kadar-cok-dil-var\\\/#primaryimage\"},\"image\":{\"@id\":\"https:\\\/\\\/elmadil.com\\\/blog\\\/dunyada-neden-bu-kadar-cok-dil-var\\\/#primaryimage\"},\"thumbnailUrl\":\"https:\\\/\\\/elmadil.com\\\/blog\\\/wp-content\\\/uploads\\\/2026\\\/01\\\/dunyada-neden-bu-kadar-cok-dil-var.jpg\",\"datePublished\":\"2026-01-19T20:00:04+00:00\",\"dateModified\":\"2026-01-20T09:41:57+00:00\",\"description\":\"D\u00fcnyadaki dil \u00e7e\u015fitlili\u011fi, insanl\u0131k tarihinin en b\u00fcy\u00fcleyici bilmecelerinden biridir. Bu yap\u0131y\u0131 anlamak i\u00e7in detayl\u0131ca inceleyece\u011fiz.\",\"breadcrumb\":{\"@id\":\"https:\\\/\\\/elmadil.com\\\/blog\\\/dunyada-neden-bu-kadar-cok-dil-var\\\/#breadcrumb\"},\"inLanguage\":\"tr\",\"potentialAction\":[{\"@type\":\"ReadAction\",\"target\":[\"https:\\\/\\\/elmadil.com\\\/blog\\\/dunyada-neden-bu-kadar-cok-dil-var\\\/\"]}]},{\"@type\":\"ImageObject\",\"inLanguage\":\"tr\",\"@id\":\"https:\\\/\\\/elmadil.com\\\/blog\\\/dunyada-neden-bu-kadar-cok-dil-var\\\/#primaryimage\",\"url\":\"https:\\\/\\\/elmadil.com\\\/blog\\\/wp-content\\\/uploads\\\/2026\\\/01\\\/dunyada-neden-bu-kadar-cok-dil-var.jpg\",\"contentUrl\":\"https:\\\/\\\/elmadil.com\\\/blog\\\/wp-content\\\/uploads\\\/2026\\\/01\\\/dunyada-neden-bu-kadar-cok-dil-var.jpg\",\"width\":1059,\"height\":550,\"caption\":\"D\u00fcnyada Neden Bu Kadar \u00c7ok Dil Var?\"},{\"@type\":\"BreadcrumbList\",\"@id\":\"https:\\\/\\\/elmadil.com\\\/blog\\\/dunyada-neden-bu-kadar-cok-dil-var\\\/#breadcrumb\",\"itemListElement\":[{\"@type\":\"ListItem\",\"position\":1,\"name\":\"Anasayfa\",\"item\":\"https:\\\/\\\/elmadil.com\\\/blog\\\/\"},{\"@type\":\"ListItem\",\"position\":2,\"name\":\"D\u00fcnyada Neden Bu Kadar \u00c7ok Dil Var?\"}]},{\"@type\":\"WebSite\",\"@id\":\"https:\\\/\\\/elmadil.com\\\/blog\\\/#website\",\"url\":\"https:\\\/\\\/elmadil.com\\\/blog\\\/\",\"name\":\"\u00c7ocuklar \u0130\u00e7in Online \u0130ngilizce Kursu\",\"description\":\"\",\"publisher\":{\"@id\":\"https:\\\/\\\/elmadil.com\\\/blog\\\/#organization\"},\"potentialAction\":[{\"@type\":\"SearchAction\",\"target\":{\"@type\":\"EntryPoint\",\"urlTemplate\":\"https:\\\/\\\/elmadil.com\\\/blog\\\/?s={search_term_string}\"},\"query-input\":{\"@type\":\"PropertyValueSpecification\",\"valueRequired\":true,\"valueName\":\"search_term_string\"}}],\"inLanguage\":\"tr\"},{\"@type\":\"Organization\",\"@id\":\"https:\\\/\\\/elmadil.com\\\/blog\\\/#organization\",\"name\":\"\u00c7ocuklar \u0130\u00e7in Online \u0130ngilizce Kursu\",\"url\":\"https:\\\/\\\/elmadil.com\\\/blog\\\/\",\"logo\":{\"@type\":\"ImageObject\",\"inLanguage\":\"tr\",\"@id\":\"https:\\\/\\\/elmadil.com\\\/blog\\\/#\\\/schema\\\/logo\\\/image\\\/\",\"url\":\"https:\\\/\\\/elmadil.com\\\/blog\\\/wp-content\\\/uploads\\\/2025\\\/06\\\/cropped-logo.webp\",\"contentUrl\":\"https:\\\/\\\/elmadil.com\\\/blog\\\/wp-content\\\/uploads\\\/2025\\\/06\\\/cropped-logo.webp\",\"width\":240,\"height\":80,\"caption\":\"\u00c7ocuklar \u0130\u00e7in Online \u0130ngilizce Kursu\"},\"image\":{\"@id\":\"https:\\\/\\\/elmadil.com\\\/blog\\\/#\\\/schema\\\/logo\\\/image\\\/\"}},{\"@type\":\"Person\",\"@id\":\"https:\\\/\\\/elmadil.com\\\/blog\\\/#\\\/schema\\\/person\\\/b94f0b93347c4e682bbf024845930d3f\",\"name\":\"Elmadil Online \u0130ngilizce Kursu\",\"image\":{\"@type\":\"ImageObject\",\"inLanguage\":\"tr\",\"@id\":\"https:\\\/\\\/secure.gravatar.com\\\/avatar\\\/4eb5cb83b20b0de13910b010e10a051ccad9e32fe0feb058338e89e8bd0f1ad7?s=96&d=mm&r=g\",\"url\":\"https:\\\/\\\/secure.gravatar.com\\\/avatar\\\/4eb5cb83b20b0de13910b010e10a051ccad9e32fe0feb058338e89e8bd0f1ad7?s=96&d=mm&r=g\",\"contentUrl\":\"https:\\\/\\\/secure.gravatar.com\\\/avatar\\\/4eb5cb83b20b0de13910b010e10a051ccad9e32fe0feb058338e89e8bd0f1ad7?s=96&d=mm&r=g\",\"caption\":\"Elmadil Online \u0130ngilizce Kursu\"},\"sameAs\":[\"https:\\\/\\\/elmadil.com\\\/blog\"],\"url\":\"https:\\\/\\\/elmadil.com\\\/blog\\\/author\\\/admin\\\/\"}]}<\/script>\n<!-- \/ Yoast SEO Premium plugin. -->","yoast_head_json":{"title":"D\u00fcnyada Neden Bu Kadar \u00c7ok Dil Var? - \u00c7ocuklar \u0130\u00e7in Online \u0130ngilizce Kursu","description":"D\u00fcnyadaki dil \u00e7e\u015fitlili\u011fi, insanl\u0131k tarihinin en b\u00fcy\u00fcleyici bilmecelerinden biridir. Bu yap\u0131y\u0131 anlamak i\u00e7in detayl\u0131ca inceleyece\u011fiz.","robots":{"index":"index","follow":"follow","max-snippet":"max-snippet:-1","max-image-preview":"max-image-preview:large","max-video-preview":"max-video-preview:-1"},"canonical":"https:\/\/elmadil.com\/blog\/dunyada-neden-bu-kadar-cok-dil-var\/","og_locale":"tr_TR","og_type":"article","og_title":"D\u00fcnyada Neden Bu Kadar \u00c7ok Dil Var?","og_description":"D\u00fcnyadaki dil \u00e7e\u015fitlili\u011fi, insanl\u0131k tarihinin en b\u00fcy\u00fcleyici bilmecelerinden biridir. Bu yap\u0131y\u0131 anlamak i\u00e7in detayl\u0131ca inceleyece\u011fiz.","og_url":"https:\/\/elmadil.com\/blog\/dunyada-neden-bu-kadar-cok-dil-var\/","og_site_name":"\u00c7ocuklar \u0130\u00e7in Online \u0130ngilizce Kursu","article_published_time":"2026-01-19T20:00:04+00:00","article_modified_time":"2026-01-20T09:41:57+00:00","og_image":[{"width":1059,"height":550,"url":"https:\/\/elmadil.com\/blog\/wp-content\/uploads\/2026\/01\/dunyada-neden-bu-kadar-cok-dil-var.jpg","type":"image\/jpeg"}],"author":"Elmadil Online \u0130ngilizce Kursu","twitter_card":"summary_large_image","twitter_misc":{"Yazan:":"Elmadil Online \u0130ngilizce Kursu","Tahmini okuma s\u00fcresi":"6 dakika"},"schema":{"@context":"https:\/\/schema.org","@graph":[{"@type":"Article","@id":"https:\/\/elmadil.com\/blog\/dunyada-neden-bu-kadar-cok-dil-var\/#article","isPartOf":{"@id":"https:\/\/elmadil.com\/blog\/dunyada-neden-bu-kadar-cok-dil-var\/"},"author":{"name":"Elmadil Online \u0130ngilizce Kursu","@id":"https:\/\/elmadil.com\/blog\/#\/schema\/person\/b94f0b93347c4e682bbf024845930d3f"},"headline":"D\u00fcnyada Neden Bu Kadar \u00c7ok Dil Var?","datePublished":"2026-01-19T20:00:04+00:00","dateModified":"2026-01-20T09:41:57+00:00","mainEntityOfPage":{"@id":"https:\/\/elmadil.com\/blog\/dunyada-neden-bu-kadar-cok-dil-var\/"},"wordCount":1153,"commentCount":0,"publisher":{"@id":"https:\/\/elmadil.com\/blog\/#organization"},"image":{"@id":"https:\/\/elmadil.com\/blog\/dunyada-neden-bu-kadar-cok-dil-var\/#primaryimage"},"thumbnailUrl":"https:\/\/elmadil.com\/blog\/wp-content\/uploads\/2026\/01\/dunyada-neden-bu-kadar-cok-dil-var.jpg","inLanguage":"tr","potentialAction":[{"@type":"CommentAction","name":"Comment","target":["https:\/\/elmadil.com\/blog\/dunyada-neden-bu-kadar-cok-dil-var\/#respond"]}]},{"@type":"WebPage","@id":"https:\/\/elmadil.com\/blog\/dunyada-neden-bu-kadar-cok-dil-var\/","url":"https:\/\/elmadil.com\/blog\/dunyada-neden-bu-kadar-cok-dil-var\/","name":"D\u00fcnyada Neden Bu Kadar \u00c7ok Dil Var? - \u00c7ocuklar \u0130\u00e7in Online \u0130ngilizce Kursu","isPartOf":{"@id":"https:\/\/elmadil.com\/blog\/#website"},"primaryImageOfPage":{"@id":"https:\/\/elmadil.com\/blog\/dunyada-neden-bu-kadar-cok-dil-var\/#primaryimage"},"image":{"@id":"https:\/\/elmadil.com\/blog\/dunyada-neden-bu-kadar-cok-dil-var\/#primaryimage"},"thumbnailUrl":"https:\/\/elmadil.com\/blog\/wp-content\/uploads\/2026\/01\/dunyada-neden-bu-kadar-cok-dil-var.jpg","datePublished":"2026-01-19T20:00:04+00:00","dateModified":"2026-01-20T09:41:57+00:00","description":"D\u00fcnyadaki dil \u00e7e\u015fitlili\u011fi, insanl\u0131k tarihinin en b\u00fcy\u00fcleyici bilmecelerinden biridir. Bu yap\u0131y\u0131 anlamak i\u00e7in detayl\u0131ca inceleyece\u011fiz.","breadcrumb":{"@id":"https:\/\/elmadil.com\/blog\/dunyada-neden-bu-kadar-cok-dil-var\/#breadcrumb"},"inLanguage":"tr","potentialAction":[{"@type":"ReadAction","target":["https:\/\/elmadil.com\/blog\/dunyada-neden-bu-kadar-cok-dil-var\/"]}]},{"@type":"ImageObject","inLanguage":"tr","@id":"https:\/\/elmadil.com\/blog\/dunyada-neden-bu-kadar-cok-dil-var\/#primaryimage","url":"https:\/\/elmadil.com\/blog\/wp-content\/uploads\/2026\/01\/dunyada-neden-bu-kadar-cok-dil-var.jpg","contentUrl":"https:\/\/elmadil.com\/blog\/wp-content\/uploads\/2026\/01\/dunyada-neden-bu-kadar-cok-dil-var.jpg","width":1059,"height":550,"caption":"D\u00fcnyada Neden Bu Kadar \u00c7ok Dil Var?"},{"@type":"BreadcrumbList","@id":"https:\/\/elmadil.com\/blog\/dunyada-neden-bu-kadar-cok-dil-var\/#breadcrumb","itemListElement":[{"@type":"ListItem","position":1,"name":"Anasayfa","item":"https:\/\/elmadil.com\/blog\/"},{"@type":"ListItem","position":2,"name":"D\u00fcnyada Neden Bu Kadar \u00c7ok Dil Var?"}]},{"@type":"WebSite","@id":"https:\/\/elmadil.com\/blog\/#website","url":"https:\/\/elmadil.com\/blog\/","name":"\u00c7ocuklar \u0130\u00e7in Online \u0130ngilizce Kursu","description":"","publisher":{"@id":"https:\/\/elmadil.com\/blog\/#organization"},"potentialAction":[{"@type":"SearchAction","target":{"@type":"EntryPoint","urlTemplate":"https:\/\/elmadil.com\/blog\/?s={search_term_string}"},"query-input":{"@type":"PropertyValueSpecification","valueRequired":true,"valueName":"search_term_string"}}],"inLanguage":"tr"},{"@type":"Organization","@id":"https:\/\/elmadil.com\/blog\/#organization","name":"\u00c7ocuklar \u0130\u00e7in Online \u0130ngilizce Kursu","url":"https:\/\/elmadil.com\/blog\/","logo":{"@type":"ImageObject","inLanguage":"tr","@id":"https:\/\/elmadil.com\/blog\/#\/schema\/logo\/image\/","url":"https:\/\/elmadil.com\/blog\/wp-content\/uploads\/2025\/06\/cropped-logo.webp","contentUrl":"https:\/\/elmadil.com\/blog\/wp-content\/uploads\/2025\/06\/cropped-logo.webp","width":240,"height":80,"caption":"\u00c7ocuklar \u0130\u00e7in Online \u0130ngilizce Kursu"},"image":{"@id":"https:\/\/elmadil.com\/blog\/#\/schema\/logo\/image\/"}},{"@type":"Person","@id":"https:\/\/elmadil.com\/blog\/#\/schema\/person\/b94f0b93347c4e682bbf024845930d3f","name":"Elmadil Online \u0130ngilizce Kursu","image":{"@type":"ImageObject","inLanguage":"tr","@id":"https:\/\/secure.gravatar.com\/avatar\/4eb5cb83b20b0de13910b010e10a051ccad9e32fe0feb058338e89e8bd0f1ad7?s=96&d=mm&r=g","url":"https:\/\/secure.gravatar.com\/avatar\/4eb5cb83b20b0de13910b010e10a051ccad9e32fe0feb058338e89e8bd0f1ad7?s=96&d=mm&r=g","contentUrl":"https:\/\/secure.gravatar.com\/avatar\/4eb5cb83b20b0de13910b010e10a051ccad9e32fe0feb058338e89e8bd0f1ad7?s=96&d=mm&r=g","caption":"Elmadil Online \u0130ngilizce Kursu"},"sameAs":["https:\/\/elmadil.com\/blog"],"url":"https:\/\/elmadil.com\/blog\/author\/admin\/"}]}},"jetpack_featured_media_url":"https:\/\/elmadil.com\/blog\/wp-content\/uploads\/2026\/01\/dunyada-neden-bu-kadar-cok-dil-var.jpg","jetpack_sharing_enabled":true,"rttpg_featured_image_url":{"full":["https:\/\/elmadil.com\/blog\/wp-content\/uploads\/2026\/01\/dunyada-neden-bu-kadar-cok-dil-var.jpg",1059,550,false],"landscape":["https:\/\/elmadil.com\/blog\/wp-content\/uploads\/2026\/01\/dunyada-neden-bu-kadar-cok-dil-var.jpg",1059,550,false],"portraits":["https:\/\/elmadil.com\/blog\/wp-content\/uploads\/2026\/01\/dunyada-neden-bu-kadar-cok-dil-var.jpg",1059,550,false],"thumbnail":["https:\/\/elmadil.com\/blog\/wp-content\/uploads\/2026\/01\/dunyada-neden-bu-kadar-cok-dil-var-150x150.jpg",150,150,true],"medium":["https:\/\/elmadil.com\/blog\/wp-content\/uploads\/2026\/01\/dunyada-neden-bu-kadar-cok-dil-var-300x156.jpg",300,156,true],"large":["https:\/\/elmadil.com\/blog\/wp-content\/uploads\/2026\/01\/dunyada-neden-bu-kadar-cok-dil-var-1024x532.jpg",1024,532,true],"1536x1536":["https:\/\/elmadil.com\/blog\/wp-content\/uploads\/2026\/01\/dunyada-neden-bu-kadar-cok-dil-var.jpg",1059,550,false],"2048x2048":["https:\/\/elmadil.com\/blog\/wp-content\/uploads\/2026\/01\/dunyada-neden-bu-kadar-cok-dil-var.jpg",1059,550,false],"post-thumbnail":["https:\/\/elmadil.com\/blog\/wp-content\/uploads\/2026\/01\/dunyada-neden-bu-kadar-cok-dil-var-300x300.jpg",300,300,true],"popularis-img":["https:\/\/elmadil.com\/blog\/wp-content\/uploads\/2026\/01\/dunyada-neden-bu-kadar-cok-dil-var.jpg",1059,550,false]},"rttpg_author":{"display_name":"Elmadil Online \u0130ngilizce Kursu","author_link":"https:\/\/elmadil.com\/blog\/author\/admin\/"},"rttpg_comment":0,"rttpg_category":"<a href=\"https:\/\/elmadil.com\/blog\/category\/genel\/\" rel=\"category tag\">Genel<\/a>","rttpg_excerpt":"D\u00fcnyadaki dil \u00e7e\u015fitlili\u011fi, insanl\u0131k tarihinin en b\u00fcy\u00fcleyici bilmecelerinden biridir. Bug\u00fcn yery\u00fcz\u00fcnde konu\u015fulan yakla\u015f\u0131k yedi bin farkl\u0131 dilin varl\u0131\u011f\u0131, tek bir sebebe de\u011fil, binlerce y\u0131la yay\u0131lan co\u011frafi, biyolojik ve sosyolojik etkenlerin karma\u015f\u0131k bir bile\u015fimine dayan\u0131r. Bu yap\u0131y\u0131 anlamak i\u00e7in dillerin nas\u0131l do\u011fdu\u011funu ve neden s\u00fcrekli de\u011fi\u015ferek birbirinden koptu\u011funu birka\u00e7 temel perspektiften incelemek gerekir. Co\u011frafi \u0130zolasyon ve&hellip;","_links":{"self":[{"href":"https:\/\/elmadil.com\/blog\/wp-json\/wp\/v2\/posts\/1776","targetHints":{"allow":["GET"]}}],"collection":[{"href":"https:\/\/elmadil.com\/blog\/wp-json\/wp\/v2\/posts"}],"about":[{"href":"https:\/\/elmadil.com\/blog\/wp-json\/wp\/v2\/types\/post"}],"author":[{"embeddable":true,"href":"https:\/\/elmadil.com\/blog\/wp-json\/wp\/v2\/users\/1"}],"replies":[{"embeddable":true,"href":"https:\/\/elmadil.com\/blog\/wp-json\/wp\/v2\/comments?post=1776"}],"version-history":[{"count":2,"href":"https:\/\/elmadil.com\/blog\/wp-json\/wp\/v2\/posts\/1776\/revisions"}],"predecessor-version":[{"id":1780,"href":"https:\/\/elmadil.com\/blog\/wp-json\/wp\/v2\/posts\/1776\/revisions\/1780"}],"wp:featuredmedia":[{"embeddable":true,"href":"https:\/\/elmadil.com\/blog\/wp-json\/wp\/v2\/media\/1777"}],"wp:attachment":[{"href":"https:\/\/elmadil.com\/blog\/wp-json\/wp\/v2\/media?parent=1776"}],"wp:term":[{"taxonomy":"category","embeddable":true,"href":"https:\/\/elmadil.com\/blog\/wp-json\/wp\/v2\/categories?post=1776"},{"taxonomy":"post_tag","embeddable":true,"href":"https:\/\/elmadil.com\/blog\/wp-json\/wp\/v2\/tags?post=1776"}],"curies":[{"name":"wp","href":"https:\/\/api.w.org\/{rel}","templated":true}]}}